{"id":1327,"date":"2016-11-26T10:40:04","date_gmt":"2016-11-26T15:40:04","guid":{"rendered":"https:\/\/ccicubacanada.org\/?p=1327"},"modified":"2016-11-26T10:45:36","modified_gmt":"2016-11-26T15:45:36","slug":"fidel-castro-1926-2016-es","status":"publish","type":"post","link":"https:\/\/ccicubacanada.org\/es\/fidel-castro-1926-2016-es\/","title":{"rendered":"Fidel Castro (1926-2016)"},"content":{"rendered":"<p>Es con gran tristeza que hemos conocido el fallecimiento del l\u00edder de la Revoluci\u00f3n Cubana Fidel Castro. Numerosas han sido sus contribuciones en las esferas de la econom\u00eda, la cultura, la educaci\u00f3n y la salud. Como Presidente de la Rep\u00fablica de Cuba, Fidel Castro marc\u00f3 los corazones y el intelecto de muchas personas m\u00e1s all\u00e1 de su isla natal.<\/p>\n<p>Ofrecemos nuestras m\u00e1s sinceras condolencias a los familiares de Fidel Castro as\u00ed como a todo el pueblo cubano y nos unimos al Primer Ministro de Canad\u00e1 en sus palabras de apoyo y simpat\u00eda a los cubanos de todo el mundo.<\/p>\n","protected":false},"excerpt":{"rendered":"<p>Es con gran tristeza que hemos conocido el fallecimiento del l\u00edder de la Revoluci\u00f3n Cubana Fidel Castro. Numerosas han sido sus contribuciones en las esferas de la econom\u00eda, la cultura, la educaci\u00f3n y la salud. Como Presidente de la Rep\u00fablica de Cuba, Fidel Castro marc\u00f3 los corazones y el intelecto de muchas personas m\u00e1s all\u00e1 [&hellip;]<\/p>\n","protected":false},"author":1,"featured_media":1320,"comment_status":"open","ping_status":"closed","sticky":false,"template":"","format":"standard","meta":{"_themeisle_gutenberg_block_has_review":false,"_jetpack_memberships_contains_paid_content":false,"footnotes":""},"categories":[11],"tags":[],"class_list":["post-1327","post","type-post","status-publish","format-standard","has-post-thumbnail","hentry","category-uncategorized-es"],"jetpack_featured_media_url":"https:\/\/i0.wp.com\/ccicubacanada.org\/wp-content\/uploads\/2016\/11\/fidel.jpg?fit=660%2C371&quality=89&ssl=1","jetpack-related-posts":[{"id":1279,"url":"https:\/\/ccicubacanada.org\/es\/el-primero-viaje-official-de-justin-trudeau-latinoamerica-es-en-cuba\/","url_meta":{"origin":1327,"position":0},"title":"El primero viaje official de Justin Trudeau  a Latinoam\u00e9rica es en Cuba !","author":"Cyril Arnaud","date":"noviembre 14, 2016","format":false,"excerpt":"\"El gobernante canadiense comenzar\u00e1 su gira latinoamericana en Cuba el 15 de noviembre, donde durante su visita oficial se reunir\u00e1 con el l\u00edder cubano, Ra\u00fal Castro. Posteriormente, se trasladar\u00e1 a Buenos Aires el 17 de noviembre donde se reunir\u00e1 con el presidente argentino, Mauricio Macri, as\u00ed como con l\u00edderes empresariales\u2026","rel":"","context":"En \u00abUncategorized\u00bb","block_context":{"text":"Uncategorized","link":"https:\/\/ccicubacanada.org\/es\/category\/uncategorized-es\/"},"img":{"alt_text":"","src":"https:\/\/i0.wp.com\/ccicubacanada.org\/wp-content\/uploads\/2016\/11\/justin-trudeau1.jpg?fit=720%2C442&quality=89&ssl=1&resize=350%2C200","width":350,"height":200,"srcset":"https:\/\/i0.wp.com\/ccicubacanada.org\/wp-content\/uploads\/2016\/11\/justin-trudeau1.jpg?fit=720%2C442&quality=89&ssl=1&resize=350%2C200 1x, https:\/\/i0.wp.com\/ccicubacanada.org\/wp-content\/uploads\/2016\/11\/justin-trudeau1.jpg?fit=720%2C442&quality=89&ssl=1&resize=525%2C300 1.5x, https:\/\/i0.wp.com\/ccicubacanada.org\/wp-content\/uploads\/2016\/11\/justin-trudeau1.jpg?fit=720%2C442&quality=89&ssl=1&resize=700%2C400 2x"},"classes":[]},{"id":5326,"url":"https:\/\/ccicubacanada.org\/es\/la-artista-canadiense-ingrid-bachmann-visita-el-taller-mano-a-mano\/","url_meta":{"origin":1327,"position":1},"title":"La artista canadiense Ingrid Bachmann visita el taller Mano a Mano","author":"Yilien Paneque","date":"enero 27, 2020","format":false,"excerpt":"La CCICC tiene un gran comienzo de a\u00f1o al visitar nuevamente la sede de la ACAA y el taller de Mano a Mano en la hermosa ciudad de Matanzas el pasado lunes 6 de enero. En esta ocasi\u00f3n nos acompa\u00f1aron en el recorrido la Sra. Ingrid Bachmann y el Sr.\u2026","rel":"","context":"En \u00abUncategorized\u00bb","block_context":{"text":"Uncategorized","link":"https:\/\/ccicubacanada.org\/es\/category\/uncategorized-es\/"},"img":{"alt_text":"","src":"https:\/\/i0.wp.com\/ccicubacanada.org\/wp-content\/uploads\/2020\/01\/WhatsApp-Image-2020-01-06-at-7.07.29-PM-2.jpeg?fit=1000%2C750&quality=89&ssl=1&resize=350%2C200","width":350,"height":200,"srcset":"https:\/\/i0.wp.com\/ccicubacanada.org\/wp-content\/uploads\/2020\/01\/WhatsApp-Image-2020-01-06-at-7.07.29-PM-2.jpeg?fit=1000%2C750&quality=89&ssl=1&resize=350%2C200 1x, https:\/\/i0.wp.com\/ccicubacanada.org\/wp-content\/uploads\/2020\/01\/WhatsApp-Image-2020-01-06-at-7.07.29-PM-2.jpeg?fit=1000%2C750&quality=89&ssl=1&resize=525%2C300 1.5x, https:\/\/i0.wp.com\/ccicubacanada.org\/wp-content\/uploads\/2020\/01\/WhatsApp-Image-2020-01-06-at-7.07.29-PM-2.jpeg?fit=1000%2C750&quality=89&ssl=1&resize=700%2C400 2x"},"classes":[]},{"id":1318,"url":"https:\/\/ccicubacanada.org\/fidel-castro-1926-2016\/","url_meta":{"origin":1327,"position":2},"title":"Fidel Castro (1926-2016)","author":"Cyril Arnaud","date":"noviembre 26, 2016","format":false,"excerpt":"En m\u00eame temps que le monde entier, nous avons appris le d\u00e9c\u00e8s de Fidel Castro. Les contributions de Fidel Castro dans les domaines de l'\u00e9conomie, la culture, l'\u00e9ducation et la sant\u00e9 sont nombreuses et ind\u00e9niables. En tant que pr\u00e9sident de la R\u00e9publique de Cuba, il a marqu\u00e9 les coeurs et\u2026","rel":"","context":"En \u00abNon classifi\u00e9(e)\u00bb","block_context":{"text":"Non classifi\u00e9(e)","link":"https:\/\/ccicubacanada.org\/category\/non-classifiee\/"},"img":{"alt_text":"","src":"https:\/\/i0.wp.com\/ccicubacanada.org\/wp-content\/uploads\/2016\/11\/fidel.jpg?fit=660%2C371&quality=89&ssl=1&resize=350%2C200","width":350,"height":200,"srcset":"https:\/\/i0.wp.com\/ccicubacanada.org\/wp-content\/uploads\/2016\/11\/fidel.jpg?fit=660%2C371&quality=89&ssl=1&resize=350%2C200 1x, https:\/\/i0.wp.com\/ccicubacanada.org\/wp-content\/uploads\/2016\/11\/fidel.jpg?fit=660%2C371&quality=89&ssl=1&resize=525%2C300 1.5x"},"classes":[]},{"id":1323,"url":"https:\/\/ccicubacanada.org\/en\/fidel-castro-1926-2016-en\/","url_meta":{"origin":1327,"position":3},"title":"Fidel Castro (1926-2016)","author":"Cyril Arnaud","date":"noviembre 26, 2016","format":false,"excerpt":"It's with deep sorrow that we have recently learned the passing of Fidel Castro. His contributions in the fields of economics, culture, education and healthcare are numerous and indisputable. As the President of the Republic of Cuba, he touched the hearts and minds of hundreds of people beyond his native\u2026","rel":"","context":"Entrada similar","block_context":{"text":"Entrada similar","link":""},"img":{"alt_text":"","src":"https:\/\/i0.wp.com\/ccicubacanada.org\/wp-content\/uploads\/2016\/11\/fidel.jpg?fit=660%2C371&quality=89&ssl=1&resize=350%2C200","width":350,"height":200,"srcset":"https:\/\/i0.wp.com\/ccicubacanada.org\/wp-content\/uploads\/2016\/11\/fidel.jpg?fit=660%2C371&quality=89&ssl=1&resize=350%2C200 1x, https:\/\/i0.wp.com\/ccicubacanada.org\/wp-content\/uploads\/2016\/11\/fidel.jpg?fit=660%2C371&quality=89&ssl=1&resize=525%2C300 1.5x"},"classes":[]},{"id":6893,"url":"https:\/\/ccicubacanada.org\/es\/bio-habana-2022\/","url_meta":{"origin":1327,"position":4},"title":"Bio Habana 2022","author":"Cyril Arnaud","date":"enero 25, 2022","format":false,"excerpt":"La Pandemia de Covid-19 que estamos viviendo ha tra\u00eddo su parte de desaf\u00edos, pero tambi\u00e9n ha tra\u00eddo muchas oportunidades para que la comunidad cient\u00edfica y la industria biofarmac\u00e9utica aborden graves problemas de salud con base en enfoques multidisciplinarios e interinstitucionales, con niveles de integraci\u00f3n sin precedentes. en la historia de\u2026","rel":"","context":"En \u00abUncategorized\u00bb","block_context":{"text":"Uncategorized","link":"https:\/\/ccicubacanada.org\/es\/category\/uncategorized-es\/"},"img":{"alt_text":"","src":"","width":0,"height":0},"classes":[]},{"id":5489,"url":"https:\/\/ccicubacanada.org\/es\/mano-a-mano-artesanos-sin-fronteras\/","url_meta":{"origin":1327,"position":5},"title":"Mano a Mano, artesanos Sin Fronteras !","author":"Yilien Paneque","date":"abril 14, 2020","format":false,"excerpt":"El proyecto MANO a MANO, una organizaci\u00f3n sin fines de lucro establecida en 2013, contin\u00faa d\u00e1ndonos buenas noticias y resultados excepcionales en la relaci\u00f3n entre artesanos cubanos y canadienses. Este proyecto es la culminaci\u00f3n de varios a\u00f1os de contacto con el fin de unir en un enfoque creativo y productivo\u2026","rel":"","context":"En \u00abUncategorized\u00bb","block_context":{"text":"Uncategorized","link":"https:\/\/ccicubacanada.org\/es\/category\/uncategorized-es\/"},"img":{"alt_text":"","src":"https:\/\/i0.wp.com\/ccicubacanada.org\/wp-content\/uploads\/2020\/03\/IMG_0624-e1583876041906.jpeg?fit=600%2C800&quality=89&ssl=1&resize=350%2C200","width":350,"height":200,"srcset":"https:\/\/i0.wp.com\/ccicubacanada.org\/wp-content\/uploads\/2020\/03\/IMG_0624-e1583876041906.jpeg?fit=600%2C800&quality=89&ssl=1&resize=350%2C200 1x, https:\/\/i0.wp.com\/ccicubacanada.org\/wp-content\/uploads\/2020\/03\/IMG_0624-e1583876041906.jpeg?fit=600%2C800&quality=89&ssl=1&resize=525%2C300 1.5x"},"classes":[]}],"jetpack_sharing_enabled":true,"jetpack_shortlink":"https:\/\/wp.me\/p7fkeW-lp","_links":{"self":[{"href":"https:\/\/ccicubacanada.org\/es\/wp-json\/wp\/v2\/posts\/1327","targetHints":{"allow":["GET"]}}],"collection":[{"href":"https:\/\/ccicubacanada.org\/es\/wp-json\/wp\/v2\/posts"}],"about":[{"href":"https:\/\/ccicubacanada.org\/es\/wp-json\/wp\/v2\/types\/post"}],"author":[{"embeddable":true,"href":"https:\/\/ccicubacanada.org\/es\/wp-json\/wp\/v2\/users\/1"}],"replies":[{"embeddable":true,"href":"https:\/\/ccicubacanada.org\/es\/wp-json\/wp\/v2\/comments?post=1327"}],"version-history":[{"count":0,"href":"https:\/\/ccicubacanada.org\/es\/wp-json\/wp\/v2\/posts\/1327\/revisions"}],"wp:featuredmedia":[{"embeddable":true,"href":"https:\/\/ccicubacanada.org\/es\/wp-json\/wp\/v2\/media\/1320"}],"wp:attachment":[{"href":"https:\/\/ccicubacanada.org\/es\/wp-json\/wp\/v2\/media?parent=1327"}],"wp:term":[{"taxonomy":"category","embeddable":true,"href":"https:\/\/ccicubacanada.org\/es\/wp-json\/wp\/v2\/categories?post=1327"},{"taxonomy":"post_tag","embeddable":true,"href":"https:\/\/ccicubacanada.org\/es\/wp-json\/wp\/v2\/tags?post=1327"}],"curies":[{"name":"wp","href":"https:\/\/api.w.org\/{rel}","templated":true}]}}