{"id":5842,"date":"2021-01-26T12:12:41","date_gmt":"2021-01-26T17:12:41","guid":{"rendered":"https:\/\/ccicubacanada.org\/por-que-no-teletrabajar-desde-cuba\/"},"modified":"2021-01-26T12:12:41","modified_gmt":"2021-01-26T17:12:41","slug":"por-que-no-teletrabajar-desde-cuba","status":"publish","type":"post","link":"https:\/\/ccicubacanada.org\/es\/por-que-no-teletrabajar-desde-cuba\/","title":{"rendered":"\u00bfPor qu\u00e9 no teletrabajar desde Cuba?"},"content":{"rendered":"\n<p class=\"wp-block-paragraph\">La pandemia ha llevado a muchas empresas a revisar sus modelos de negocio y objetivos de mercado y han tratado de convertir lo negativo en positivo.<\/p>\n\n<p class=\"wp-block-paragraph\">Eso es exactamente lo que hizo Meli\u00e1: debido al encierro ya no podemos ir a la oficina, as\u00ed que en lugar de trabajar desde casa \u00bfpor qu\u00e9 no trabajar desde un hotel al borde de una playa de ensue\u00f1o?<\/p>\n\n<figure class=\"wp-block-embed is-type-rich is-provider-cubaplus-magazine wp-block-embed-cubaplus-magazine\"><div class=\"wp-block-embed__wrapper\">\n<div class=\"iframely-embed\"><div class=\"iframely-responsive\" style=\"padding-bottom: 47.75%; padding-top: 120px;\"><a href=\"https:\/\/www.cubaplusmagazine.com\/en\/news\/working-from-cuba-a-new-proposal-from-melia-hotels.html\" data-iframely-url=\"\/\/cdn.iframe.ly\/api\/iframe?maxheight=1000&#038;url=https%3A%2F%2Fwww.cubaplusmagazine.com%2Fen%2Fnews%2Fworking-from-cuba-a-new-proposal-from-melia-hotels.html&#038;key=0fdcdf552674c309aa6101889ed0effb\"><\/a><\/div><\/div><script async src=\"\/\/cdn.iframe.ly\/embed.js\" charset=\"utf-8\"><\/script>\n<\/div><\/figure>\n\n<p class=\"wp-block-paragraph\">Meli\u00e1 ha creado una oferta para los empresarios que deseen trabajar en un ambiente ideal. Ya que puedes trabajar desde cualquier lugar, \u00bfpor qu\u00e9 no trabajar mientras observas el mar?<\/p>\n\n<figure class=\"wp-block-embed is-type-rich is-provider-melia-cuba-hotels-international wp-block-embed-melia-cuba-hotels-international\"><div class=\"wp-block-embed__wrapper\">\n<div class=\"iframely-embed\"><div class=\"iframely-responsive\" style=\"padding-bottom: 56.8182%; padding-top: 120px;\"><a href=\"https:\/\/www.meliacuba.com\/cuba-hotel-deals\" data-iframely-url=\"\/\/cdn.iframe.ly\/api\/iframe?maxheight=1000&#038;url=https%3A%2F%2Fwww.meliacuba.com%2Fcuba-hotel-deals%2Fworking-from-cuba-220&#038;key=0fdcdf552674c309aa6101889ed0effb\"><\/a><\/div><\/div><script async src=\"\/\/cdn.iframe.ly\/embed.js\" charset=\"utf-8\"><\/script>\n<\/div><\/figure>\n","protected":false},"excerpt":{"rendered":"<p>La pandemia ha llevado a muchas empresas a revisar sus modelos de negocio y objetivos de mercado y han tratado de convertir lo negativo en positivo. Eso es exactamente lo que hizo Meli\u00e1: debido al encierro ya no podemos ir a la oficina, as\u00ed que en lugar de trabajar desde casa \u00bfpor qu\u00e9 no trabajar [&hellip;]<\/p>\n","protected":false},"author":1,"featured_media":0,"comment_status":"open","ping_status":"closed","sticky":false,"template":"","format":"standard","meta":{"_themeisle_gutenberg_block_has_review":false,"_jetpack_newsletter_access":"","_jetpack_dont_email_post_to_subs":false,"_jetpack_newsletter_tier_id":0,"_jetpack_memberships_contains_paywalled_content":false,"_jetpack_feature_clip_id":0,"_jetpack_memberships_contains_paid_content":false,"footnotes":"","jetpack_post_was_ever_published":false},"categories":[11],"tags":[],"class_list":["post-5842","post","type-post","status-publish","format-standard","hentry","category-uncategorized-es"],"jetpack-related-posts":[{"id":5838,"url":"https:\/\/ccicubacanada.org\/en\/why-not-work-remotely-from-cuba\/","url_meta":{"origin":5842,"position":0},"title":"Why not work remotely from Cuba?","author":"Cyril Arnaud","date":"enero 26, 2021","format":false,"excerpt":"The pandemic has prompted many companies to review their business models and market targets and have sought to turn a negative into a positive. That's exactly what Meli\u00e1 did: because of the confinement we can no longer go to the office, so instead of working from home why not work\u2026","rel":"","context":"Entrada similar","block_context":{"text":"Entrada similar","link":""},"img":{"alt_text":"","src":"","width":0,"height":0},"classes":[]},{"id":3389,"url":"https:\/\/ccicubacanada.org\/es\/empresarios-canadienses-apuestan-por-invertir-en-cuba\/","url_meta":{"origin":5842,"position":1},"title":"Empresarios canadienses apuestan por invertir en Cuba","author":"Yilien Paneque","date":"junio 26, 2018","format":false,"excerpt":"La periodista Ivette Fern\u00e1ndez Sosa de la Agencia Informativa Latinoamericana Prensa Latina, realiz\u00f3 una entrevista a la Sra. Nancy Lussier en La Habana, Cuba, el 20 junio de 2018. La presencia de las empresas canadienses experimenta un incremento dentro del mercado cubano durante los \u00faltimos a\u00f1os, afirm\u00f3 la presidenta de\u2026","rel":"","context":"En \u00abUncategorized\u00bb","block_context":{"text":"Uncategorized","link":"https:\/\/ccicubacanada.org\/es\/category\/uncategorized-es\/"},"img":{"alt_text":"","src":"https:\/\/i0.wp.com\/ccicubacanada.org\/wp-content\/uploads\/2018\/06\/1-Nancy-Lussier.jpg?fit=748%2C498&quality=89&ssl=1&resize=350%2C200","width":350,"height":200,"srcset":"https:\/\/i0.wp.com\/ccicubacanada.org\/wp-content\/uploads\/2018\/06\/1-Nancy-Lussier.jpg?fit=748%2C498&quality=89&ssl=1&resize=350%2C200 1x, https:\/\/i0.wp.com\/ccicubacanada.org\/wp-content\/uploads\/2018\/06\/1-Nancy-Lussier.jpg?fit=748%2C498&quality=89&ssl=1&resize=525%2C300 1.5x, https:\/\/i0.wp.com\/ccicubacanada.org\/wp-content\/uploads\/2018\/06\/1-Nancy-Lussier.jpg?fit=748%2C498&quality=89&ssl=1&resize=700%2C400 2x"},"classes":[]},{"id":5567,"url":"https:\/\/ccicubacanada.org\/pourquoi-ne-pas-travailler-en-teletravail-depuis-cuba\/","url_meta":{"origin":5842,"position":2},"title":"Pourquoi ne pas travailler en t\u00e9l\u00e9travail depuis Cuba ?","author":"Cyril Arnaud","date":"octubre 8, 2020","format":false,"excerpt":"La pand\u00e9mie a pouss\u00e9 de nombreuses compagnies \u00e0 revoir leur mod\u00e8les d'affaires, leurs cibles de march\u00e9s et ont cherch\u00e9 \u00e0 tourner un n\u00e9gatif en positif. C'est exactement ce qu'a fait Meli\u00e1 : \u00e0 cause du confinement nous ne pouvons plus aller au bureau alors plut\u00f4t que de travailler de chez\u2026","rel":"","context":"En \u00abNon classifi\u00e9(e)\u00bb","block_context":{"text":"Non classifi\u00e9(e)","link":"https:\/\/ccicubacanada.org\/category\/non-classifiee\/"},"img":{"alt_text":"","src":"https:\/\/i0.wp.com\/ccicubacanada.org\/wp-content\/uploads\/2021\/01\/150471133_m.jpg?fit=1024%2C683&quality=89&ssl=1&resize=350%2C200","width":350,"height":200,"srcset":"https:\/\/i0.wp.com\/ccicubacanada.org\/wp-content\/uploads\/2021\/01\/150471133_m.jpg?fit=1024%2C683&quality=89&ssl=1&resize=350%2C200 1x, https:\/\/i0.wp.com\/ccicubacanada.org\/wp-content\/uploads\/2021\/01\/150471133_m.jpg?fit=1024%2C683&quality=89&ssl=1&resize=525%2C300 1.5x, https:\/\/i0.wp.com\/ccicubacanada.org\/wp-content\/uploads\/2021\/01\/150471133_m.jpg?fit=1024%2C683&quality=89&ssl=1&resize=700%2C400 2x"},"classes":[]},{"id":3290,"url":"https:\/\/ccicubacanada.org\/concierto-de-blues-canadienses-en-la-casa-obrador\/","url_meta":{"origin":5842,"position":3},"title":"Concierto de Blues Canadienses en la Casa Obrador","author":"Yilien Paneque","date":"junio 5, 2018","format":false,"excerpt":"Los m\u00fasicos de blues canadienses Robert Davis y Fraser Melvin ofrecieron un concierto el 9 de mayo de 2018 en la Casa Obrador (casaobrador.com), caf\u00e9-galer\u00eda ubicado en la ciudad cubana de Santa Clara. El evento, que comenz\u00f3 a las 8:30 de la noche, cont\u00f3 con una amplia participaci\u00f3n de p\u00fablico,\u2026","rel":"","context":"En \u00abUncategorized\u00bb","block_context":{"text":"Uncategorized","link":"https:\/\/ccicubacanada.org\/es\/category\/uncategorized-es\/"},"img":{"alt_text":"","src":"https:\/\/i0.wp.com\/ccicubacanada.org\/wp-content\/uploads\/2018\/06\/Blues5-696x392.jpg?fit=650%2C366&quality=89&ssl=1&resize=350%2C200","width":350,"height":200,"srcset":"https:\/\/i0.wp.com\/ccicubacanada.org\/wp-content\/uploads\/2018\/06\/Blues5-696x392.jpg?fit=650%2C366&quality=89&ssl=1&resize=350%2C200 1x, https:\/\/i0.wp.com\/ccicubacanada.org\/wp-content\/uploads\/2018\/06\/Blues5-696x392.jpg?fit=650%2C366&quality=89&ssl=1&resize=525%2C300 1.5x"},"classes":[]},{"id":2482,"url":"https:\/\/ccicubacanada.org\/es\/participara-amplia-delegacion-canadiense-en-fihav-2017\/","url_meta":{"origin":5842,"position":4},"title":"Participar\u00e1 amplia delegaci\u00f3n canadiense en FIHAV 2017","author":"Cyril Arnaud","date":"octubre 25, 2017","format":false,"excerpt":"(Reproducido de camaracuba.cu) (ACN) Una amplia delegaci\u00f3n empresarial canadiense participar\u00e1 en la XXXV Feria Internacional de La Habana, FIHAV 2017, que se celebrar\u00e1 desde el 30 de octubre al 3 de noviembre, public\u00f3 Prensa Latina. En el encuentro, que tendr\u00e1 como sede el recinto ferial Expocuba de la capital cubana,\u2026","rel":"","context":"En \u00abUncategorized\u00bb","block_context":{"text":"Uncategorized","link":"https:\/\/ccicubacanada.org\/es\/category\/uncategorized-es\/"},"img":{"alt_text":"","src":"https:\/\/i0.wp.com\/ccicubacanada.org\/wp-content\/uploads\/2017\/10\/FIHAV1_16.jpg?fit=600%2C400&quality=89&ssl=1&resize=350%2C200","width":350,"height":200,"srcset":"https:\/\/i0.wp.com\/ccicubacanada.org\/wp-content\/uploads\/2017\/10\/FIHAV1_16.jpg?fit=600%2C400&quality=89&ssl=1&resize=350%2C200 1x, https:\/\/i0.wp.com\/ccicubacanada.org\/wp-content\/uploads\/2017\/10\/FIHAV1_16.jpg?fit=600%2C400&quality=89&ssl=1&resize=525%2C300 1.5x"},"classes":[]},{"id":5835,"url":"https:\/\/ccicubacanada.org\/es\/unificacion-monetaria\/","url_meta":{"origin":5842,"position":5},"title":"Unificaci\u00f3n monetaria","author":"Cyril Arnaud","date":"enero 26, 2021","format":false,"excerpt":"Cuba ha estado usando el CUC y el CUP desde 1994. Esta dualidad de la moneda est\u00e1 llegando a su fin y el gobierno est\u00e1 trabajando duro para unificar las dos monedas para volver a la CUP \u00fanica. Esta unificaci\u00f3n, que tiene por objeto aumentar las exportaciones y estimular el\u2026","rel":"","context":"En \u00abUncategorized\u00bb","block_context":{"text":"Uncategorized","link":"https:\/\/ccicubacanada.org\/es\/category\/uncategorized-es\/"},"img":{"alt_text":"","src":"https:\/\/i0.wp.com\/img.youtube.com\/vi\/JGQMk_S7rg8\/0.jpg?resize=350%2C200&quality=89","width":350,"height":200},"classes":[]}],"jetpack_sharing_enabled":true,"jetpack_shortlink":"https:\/\/wp.me\/p7fkeW-1we","jetpack_featured_media_url":"","_links":{"self":[{"href":"https:\/\/ccicubacanada.org\/es\/wp-json\/wp\/v2\/posts\/5842","targetHints":{"allow":["GET"]}}],"collection":[{"href":"https:\/\/ccicubacanada.org\/es\/wp-json\/wp\/v2\/posts"}],"about":[{"href":"https:\/\/ccicubacanada.org\/es\/wp-json\/wp\/v2\/types\/post"}],"author":[{"embeddable":true,"href":"https:\/\/ccicubacanada.org\/es\/wp-json\/wp\/v2\/users\/1"}],"replies":[{"embeddable":true,"href":"https:\/\/ccicubacanada.org\/es\/wp-json\/wp\/v2\/comments?post=5842"}],"version-history":[{"count":0,"href":"https:\/\/ccicubacanada.org\/es\/wp-json\/wp\/v2\/posts\/5842\/revisions"}],"wp:attachment":[{"href":"https:\/\/ccicubacanada.org\/es\/wp-json\/wp\/v2\/media?parent=5842"}],"wp:term":[{"taxonomy":"category","embeddable":true,"href":"https:\/\/ccicubacanada.org\/es\/wp-json\/wp\/v2\/categories?post=5842"},{"taxonomy":"post_tag","embeddable":true,"href":"https:\/\/ccicubacanada.org\/es\/wp-json\/wp\/v2\/tags?post=5842"}],"curies":[{"name":"wp","href":"https:\/\/api.w.org\/{rel}","templated":true}]}}