{"id":7366,"date":"2023-02-06T07:07:03","date_gmt":"2023-02-06T12:07:03","guid":{"rendered":"https:\/\/ccicubacanada.org\/paul-james-stott-1949-2023\/"},"modified":"2023-02-06T07:10:52","modified_gmt":"2023-02-06T12:10:52","slug":"paul-james-stott-1949-2023","status":"publish","type":"post","link":"https:\/\/ccicubacanada.org\/es\/paul-james-stott-1949-2023\/","title":{"rendered":"Paul James STOTT (1949 &#8211; 2023)"},"content":{"rendered":"\n<p>Ha fallecido Paul Stott, un hombre que contribuy\u00f3 con maestr\u00eda a mejorar el acceso a varios productos alimenticios en Cuba.<\/p>\n\n<p>El respetado empresario dirig\u00eda desde 1982 Reuven International Ltd (Reuven), una empresa familiar de importaci\u00f3n y comercio de aves de corral. En la actualidad, Reuven opera en este campo con un volumen de negocio de unos 100 millones de d\u00f3lares al a\u00f1o. En 1995, la empresa cre\u00f3 Corac\u00e1n, una empresa conjunta con el Ministerio de Alimentaci\u00f3n cubano. Gracias a esta empresa conjunta y a las exportaciones de Reuven International, los cubanos han tenido mejor acceso a gelatinas, refrescos, t\u00e9, natillas, chocolate con leche, bebidas atl\u00e9ticas de alto rendimiento y mezclas para helados y, por supuesto, pollo. <\/p>\n\n<p>A lo largo de su carrera, Paul Stott nunca dej\u00f3 de ayudar y apoyar a las empresas y a las personas que trabajan en ellas.<\/p>\n\n<p>CCICC extiende sus m\u00e1s profundas condolencias a sus familiares y amigos, y queremos asegurarles que no est\u00e1n solos en estos momentos de luto.<\/p>\n\n<blockquote class=\"wp-block-quote is-layout-flow wp-block-quote-is-layout-flow\">\n<p>La Muerte no es verdad cuando se ha cumplido bien la obra de la vida<\/p>\n<cite>Jos\u00e9 Mart\u00ed<\/cite><\/blockquote>\n","protected":false},"excerpt":{"rendered":"<p>Ha fallecido Paul Stott, un hombre que contribuy\u00f3 con maestr\u00eda a mejorar el acceso a varios productos alimenticios en Cuba. El respetado empresario dirig\u00eda desde 1982 Reuven International Ltd (Reuven), una empresa familiar de importaci\u00f3n y comercio de aves de corral. En la actualidad, Reuven opera en este campo con un volumen de negocio de [&hellip;]<\/p>\n","protected":false},"author":1,"featured_media":7367,"comment_status":"open","ping_status":"closed","sticky":false,"template":"","format":"standard","meta":{"_themeisle_gutenberg_block_has_review":false,"_jetpack_memberships_contains_paid_content":false,"footnotes":""},"categories":[11],"tags":[],"class_list":["post-7366","post","type-post","status-publish","format-standard","has-post-thumbnail","hentry","category-uncategorized-es"],"jetpack_featured_media_url":"https:\/\/i0.wp.com\/ccicubacanada.org\/wp-content\/uploads\/2019\/03\/paulstott.jpg?fit=441%2C441&quality=89&ssl=1","jetpack-related-posts":[{"id":7362,"url":"https:\/\/ccicubacanada.org\/paul-james-stott-1949-2023\/","url_meta":{"origin":7366,"position":0},"title":"Paul James STOTT (1949 &#8211; 2023)","author":"Cyril Arnaud","date":"febrero 6, 2023","format":false,"excerpt":"Paul Stott, un homme qui a brillamment contribu\u00e9 \u00e0 am\u00e9liorer l'acc\u00e8s aux produits alimentaires \u00e0 Cuba, vient de d\u00e9c\u00e9der. Cet homme d'affaires respect\u00e9 \u00e9tait \u00e0 la t\u00eate de Reuven International Ltd. (Reuven), une soci\u00e9t\u00e9 familiale d'importation et de commerce de volailles, depuis 1982. Reuven est actuellement active dans ce domaine\u2026","rel":"","context":"En \u00abNon classifi\u00e9(e)\u00bb","block_context":{"text":"Non classifi\u00e9(e)","link":"https:\/\/ccicubacanada.org\/category\/non-classifiee\/"},"img":{"alt_text":"","src":"https:\/\/i0.wp.com\/ccicubacanada.org\/wp-content\/uploads\/2019\/03\/paulstott.jpg?fit=441%2C441&quality=89&ssl=1&resize=350%2C200","width":350,"height":200},"classes":[]},{"id":7369,"url":"https:\/\/ccicubacanada.org\/en\/paul-james-stott-1949-2023\/","url_meta":{"origin":7366,"position":1},"title":"Paul James STOTT (1949 &#8211; 2023)","author":"Cyril Arnaud","date":"febrero 6, 2023","format":false,"excerpt":"Paul Stott, a man who was instrumental in improving access to food in Cuba, has just passed away. The respected businessman had been the head of Reuven International Ltd (Reuven), a family-owned poultry import and trading company, since 1982. Reuven is currently active in this field with a turnover of\u2026","rel":"","context":"Entrada similar","block_context":{"text":"Entrada similar","link":""},"img":{"alt_text":"","src":"https:\/\/i0.wp.com\/ccicubacanada.org\/wp-content\/uploads\/2019\/03\/paulstott.jpg?fit=441%2C441&quality=89&ssl=1&resize=350%2C200","width":350,"height":200},"classes":[]},{"id":5175,"url":"https:\/\/ccicubacanada.org\/es\/mision-comercial-cubana-del-sector-industrial\/","url_meta":{"origin":7366,"position":2},"title":"Misi\u00f3n Comercial Cubana del Sector Industrial","author":"Yilien Paneque","date":"septiembre 13, 2019","format":false,"excerpt":"En los \u00faltimos a\u00f1os, la C\u00e1mara de Comercio e Industria Canad\u00e1 \u2013 Cuba, con el apoyo del Ministerio de Asuntos Mundiales Canad\u00e1 y el Ministerio de la Econom\u00eda e Innovaci\u00f3n de Quebec, ha organizado misiones comerciales a Canad\u00e1 para los sectores de la energ\u00eda, transporte, turismo y financiero cubanos. Estas\u2026","rel":"","context":"En \u00abUncategorized\u00bb","block_context":{"text":"Uncategorized","link":"https:\/\/ccicubacanada.org\/es\/category\/uncategorized-es\/"},"img":{"alt_text":"","src":"https:\/\/i0.wp.com\/ccicubacanada.org\/wp-content\/uploads\/2019\/09\/Ministro-de-Industria-Alfredo-L%C3%B3pez.jpg?fit=640%2C425&quality=89&ssl=1&resize=350%2C200","width":350,"height":200,"srcset":"https:\/\/i0.wp.com\/ccicubacanada.org\/wp-content\/uploads\/2019\/09\/Ministro-de-Industria-Alfredo-L%C3%B3pez.jpg?fit=640%2C425&quality=89&ssl=1&resize=350%2C200 1x, https:\/\/i0.wp.com\/ccicubacanada.org\/wp-content\/uploads\/2019\/09\/Ministro-de-Industria-Alfredo-L%C3%B3pez.jpg?fit=640%2C425&quality=89&ssl=1&resize=525%2C300 1.5x"},"classes":[]},{"id":5357,"url":"https:\/\/ccicubacanada.org\/es\/conferencia-de-calderas-combustion-en-la-habana\/","url_meta":{"origin":7366,"position":3},"title":"Conferencia de Calderas Combusti\u00f3n en La Habana","author":"Yilien Paneque","date":"abril 14, 2020","format":false,"excerpt":"Como una acci\u00f3n consecuencia directa de la reci\u00e9n finalizada Misi\u00f3n del sector Industria realizada en el mes de noviembre 2019, la parte cubana ha continuado los intercambios con varias empresas participantes, entre ellas, la empresa CALDERAS COMBUSTION. Estos intercambios propiciaron la organizaci\u00f3n de esta presentaci\u00f3n realizada en el sal\u00f3n de\u2026","rel":"","context":"En \u00abUncategorized\u00bb","block_context":{"text":"Uncategorized","link":"https:\/\/ccicubacanada.org\/es\/category\/uncategorized-es\/"},"img":{"alt_text":"","src":"https:\/\/i0.wp.com\/ccicubacanada.org\/wp-content\/uploads\/2020\/01\/20200120_135719.jpg?fit=1024%2C768&quality=89&ssl=1&resize=350%2C200","width":350,"height":200,"srcset":"https:\/\/i0.wp.com\/ccicubacanada.org\/wp-content\/uploads\/2020\/01\/20200120_135719.jpg?fit=1024%2C768&quality=89&ssl=1&resize=350%2C200 1x, https:\/\/i0.wp.com\/ccicubacanada.org\/wp-content\/uploads\/2020\/01\/20200120_135719.jpg?fit=1024%2C768&quality=89&ssl=1&resize=525%2C300 1.5x, https:\/\/i0.wp.com\/ccicubacanada.org\/wp-content\/uploads\/2020\/01\/20200120_135719.jpg?fit=1024%2C768&quality=89&ssl=1&resize=700%2C400 2x"},"classes":[]},{"id":5683,"url":"https:\/\/ccicubacanada.org\/es\/participe-en-el-foro-empresarial-cuba-2020\/","url_meta":{"origin":7366,"position":4},"title":"\u00a1PARTICIPE EN EL FORO EMPRESARIAL CUBA 2020!","author":"Yilien Paneque","date":"noviembre 30, 2020","format":false,"excerpt":"El Foro Empresarial Cuba 2020 es un evento virtual donde participan todos los sectores de la econom\u00eda cubana. Auspiciado por el Ministerio del Comercio Exterior y la Inversi\u00f3n Extranjera, y con la participaci\u00f3n de su Centro para la Promoci\u00f3n (ProCuba) y la C\u00e1mara de Comercio, el Foro Empresarial Cuba 2020\u2026","rel":"","context":"En \u00abUncategorized\u00bb","block_context":{"text":"Uncategorized","link":"https:\/\/ccicubacanada.org\/es\/category\/uncategorized-es\/"},"img":{"alt_text":"","src":"https:\/\/i0.wp.com\/ccicubacanada.org\/wp-content\/uploads\/2020\/11\/foro2020.png?fit=1024%2C568&quality=80&ssl=1&resize=350%2C200","width":350,"height":200,"srcset":"https:\/\/i0.wp.com\/ccicubacanada.org\/wp-content\/uploads\/2020\/11\/foro2020.png?fit=1024%2C568&quality=80&ssl=1&resize=350%2C200 1x, https:\/\/i0.wp.com\/ccicubacanada.org\/wp-content\/uploads\/2020\/11\/foro2020.png?fit=1024%2C568&quality=80&ssl=1&resize=525%2C300 1.5x, https:\/\/i0.wp.com\/ccicubacanada.org\/wp-content\/uploads\/2020\/11\/foro2020.png?fit=1024%2C568&quality=80&ssl=1&resize=700%2C400 2x"},"classes":[]},{"id":1503,"url":"https:\/\/ccicubacanada.org\/sherrit-mantendra-liderazgo-operativo-en-produccion-de-niquel\/","url_meta":{"origin":7366,"position":5},"title":"Sherrit mantendr\u00e1 liderazgo operativo en producci\u00f3n de n\u00edquel","author":"Cyril Arnaud","date":"marzo 4, 2017","format":false,"excerpt":"La compa\u00f1\u00eda canadiense Sherrit International Corporation tiene como primera de sus cuatros prioridades estrat\u00e9gicas en 2017, mantener el liderazgo operativo mundial en la producci\u00f3n de n\u00edquel terminado a partir de lateritas, dijo hoy su presidente, David Pathe. Las tres restantes son: Optimizar las oportunidades en el sector energ\u00e9tico cubano, preservar\u2026","rel":"","context":"En \u00abUncategorized\u00bb","block_context":{"text":"Uncategorized","link":"https:\/\/ccicubacanada.org\/es\/category\/uncategorized-es\/"},"img":{"alt_text":"","src":"https:\/\/i0.wp.com\/ccicubacanada.org\/wp-content\/uploads\/2017\/03\/sherritt-conferencia04-580x362.jpg?fit=580%2C362&quality=89&ssl=1&resize=350%2C200","width":350,"height":200,"srcset":"https:\/\/i0.wp.com\/ccicubacanada.org\/wp-content\/uploads\/2017\/03\/sherritt-conferencia04-580x362.jpg?fit=580%2C362&quality=89&ssl=1&resize=350%2C200 1x, https:\/\/i0.wp.com\/ccicubacanada.org\/wp-content\/uploads\/2017\/03\/sherritt-conferencia04-580x362.jpg?fit=580%2C362&quality=89&ssl=1&resize=525%2C300 1.5x"},"classes":[]}],"jetpack_sharing_enabled":true,"jetpack_shortlink":"https:\/\/wp.me\/p7fkeW-1UO","_links":{"self":[{"href":"https:\/\/ccicubacanada.org\/es\/wp-json\/wp\/v2\/posts\/7366","targetHints":{"allow":["GET"]}}],"collection":[{"href":"https:\/\/ccicubacanada.org\/es\/wp-json\/wp\/v2\/posts"}],"about":[{"href":"https:\/\/ccicubacanada.org\/es\/wp-json\/wp\/v2\/types\/post"}],"author":[{"embeddable":true,"href":"https:\/\/ccicubacanada.org\/es\/wp-json\/wp\/v2\/users\/1"}],"replies":[{"embeddable":true,"href":"https:\/\/ccicubacanada.org\/es\/wp-json\/wp\/v2\/comments?post=7366"}],"version-history":[{"count":1,"href":"https:\/\/ccicubacanada.org\/es\/wp-json\/wp\/v2\/posts\/7366\/revisions"}],"predecessor-version":[{"id":7368,"href":"https:\/\/ccicubacanada.org\/es\/wp-json\/wp\/v2\/posts\/7366\/revisions\/7368"}],"wp:featuredmedia":[{"embeddable":true,"href":"https:\/\/ccicubacanada.org\/es\/wp-json\/wp\/v2\/media\/7367"}],"wp:attachment":[{"href":"https:\/\/ccicubacanada.org\/es\/wp-json\/wp\/v2\/media?parent=7366"}],"wp:term":[{"taxonomy":"category","embeddable":true,"href":"https:\/\/ccicubacanada.org\/es\/wp-json\/wp\/v2\/categories?post=7366"},{"taxonomy":"post_tag","embeddable":true,"href":"https:\/\/ccicubacanada.org\/es\/wp-json\/wp\/v2\/tags?post=7366"}],"curies":[{"name":"wp","href":"https:\/\/api.w.org\/{rel}","templated":true}]}}