{"id":7855,"date":"2023-10-12T11:51:41","date_gmt":"2023-10-12T15:51:41","guid":{"rendered":"https:\/\/ccicubacanada.org\/?p=7855"},"modified":"2023-10-12T12:11:46","modified_gmt":"2023-10-12T16:11:46","slug":"conferencia-internacional-restauracion-neurologica-2024","status":"publish","type":"post","link":"https:\/\/ccicubacanada.org\/es\/conferencia-internacional-restauracion-neurologica-2024\/","title":{"rendered":"2024-02-21 V Conferencia Internacional Restauraci\u00f3n Neurol\u00f3gica"},"content":{"rendered":"<p>El Centro Internacional de Restauraci\u00f3n Neurol\u00f3gica y la Comercializadora de<br \/>\nServicios M\u00e9dicos Cubanos, S.A. se placen en invitarle a participar en la V<br \/>\nConferencia Internacional Restauraci\u00f3n Neurol\u00f3gica 2024 (CIRN-2024), que tendr\u00e1<br \/>\nlugar del 21 al 23 de febrero del venidero a\u00f1o en La Habana, Cuba, con motivo de la<br \/>\ncelebraci\u00f3n del aniversario 35 del CIREN.<br \/>\nEn el evento participar\u00e1n Investigadores y profesionales cubanos y extranjeros de las<br \/>\nneurociencias para intercambiar sobre temas relevantes relacionados con la actualidad<br \/>\nen ese campo, desde el concepto cl\u00ednico y de investigaci\u00f3n de la neurorestauraci\u00f3n.<br \/>\nSin dudas, ser\u00e1 una oportunidad que abrir\u00e1 nuevos espacios de intercambio cient\u00edfico<br \/>\nentre profesionales y estudiantes de pre y postgrado, interesados en temas<br \/>\nrelacionados con la restauraci\u00f3n de funciones nerviosas, as\u00ed como para profesionales<br \/>\nde diferentes esferas de trabajo, entre ellos investigadores b\u00e1sicos y cl\u00ednicos,<br \/>\nneur\u00f3logos, neurocirujanos, fisiatras, rehabilitadores f\u00edsicos, logopedas, defect\u00f3logos,<br \/>\npsic\u00f3logos y enfermeros, as\u00ed como tecn\u00f3logos y otros especialistas relacionados con<br \/>\nesta apasionante esfera.<\/p>\n\n\n<div class=\"wp-block-columns is-layout-flex wp-container-core-columns-is-layout-9d6595d7 wp-block-columns-is-layout-flex\">\n<div class=\"wp-block-column is-layout-flow wp-block-column-is-layout-flow\">\n<figure class=\"wp-block-image size-full\"><img data-recalc-dims=\"1\" loading=\"lazy\" decoding=\"async\" width=\"412\" height=\"79\" data-attachment-id=\"7873\" data-permalink=\"https:\/\/ccicubacanada.org\/es\/conferencia-internacional-restauracion-neurologica-2024\/ciren-8\/\" data-orig-file=\"https:\/\/i0.wp.com\/ccicubacanada.org\/wp-content\/uploads\/2023\/10\/ciren-8.png?fit=412%2C79&amp;quality=80&amp;ssl=1\" data-orig-size=\"412,79\" data-comments-opened=\"1\" data-image-meta=\"{&quot;aperture&quot;:&quot;0&quot;,&quot;credit&quot;:&quot;&quot;,&quot;camera&quot;:&quot;&quot;,&quot;caption&quot;:&quot;&quot;,&quot;created_timestamp&quot;:&quot;0&quot;,&quot;copyright&quot;:&quot;&quot;,&quot;focal_length&quot;:&quot;0&quot;,&quot;iso&quot;:&quot;0&quot;,&quot;shutter_speed&quot;:&quot;0&quot;,&quot;title&quot;:&quot;&quot;,&quot;orientation&quot;:&quot;0&quot;}\" data-image-title=\"ciren-8\" data-image-description=\"\" data-image-caption=\"\" data-large-file=\"https:\/\/i0.wp.com\/ccicubacanada.org\/wp-content\/uploads\/2023\/10\/ciren-8.png?fit=412%2C79&amp;quality=80&amp;ssl=1\" src=\"https:\/\/i0.wp.com\/ccicubacanada.org\/wp-content\/uploads\/2023\/10\/ciren-8.png?resize=412%2C79&#038;quality=80&#038;ssl=1\" alt=\"\" class=\"wp-image-7873\" srcset=\"https:\/\/i0.wp.com\/ccicubacanada.org\/wp-content\/uploads\/2023\/10\/ciren-8.png?w=412&amp;quality=80&amp;ssl=1 412w, https:\/\/i0.wp.com\/ccicubacanada.org\/wp-content\/uploads\/2023\/10\/ciren-8.png?resize=300%2C58&amp;quality=80&amp;ssl=1 300w, https:\/\/i0.wp.com\/ccicubacanada.org\/wp-content\/uploads\/2023\/10\/ciren-8.png?resize=350%2C67&amp;quality=80&amp;ssl=1 350w, https:\/\/i0.wp.com\/ccicubacanada.org\/wp-content\/uploads\/2023\/10\/ciren-8.png?resize=260%2C50&amp;quality=80&amp;ssl=1 260w\" sizes=\"auto, (max-width: 412px) 100vw, 412px\" \/><\/figure>\n<\/div>\n\n\n\n<div class=\"wp-block-column is-layout-flow wp-block-column-is-layout-flow\">\n<figure class=\"wp-block-image size-full\"><img data-recalc-dims=\"1\" loading=\"lazy\" decoding=\"async\" width=\"387\" height=\"103\" data-attachment-id=\"7876\" data-permalink=\"https:\/\/ccicubacanada.org\/es\/conferencia-internacional-restauracion-neurologica-2024\/cms-8\/\" data-orig-file=\"https:\/\/i0.wp.com\/ccicubacanada.org\/wp-content\/uploads\/2023\/10\/CMS-8.png?fit=387%2C103&amp;quality=80&amp;ssl=1\" data-orig-size=\"387,103\" data-comments-opened=\"1\" data-image-meta=\"{&quot;aperture&quot;:&quot;0&quot;,&quot;credit&quot;:&quot;&quot;,&quot;camera&quot;:&quot;&quot;,&quot;caption&quot;:&quot;&quot;,&quot;created_timestamp&quot;:&quot;0&quot;,&quot;copyright&quot;:&quot;&quot;,&quot;focal_length&quot;:&quot;0&quot;,&quot;iso&quot;:&quot;0&quot;,&quot;shutter_speed&quot;:&quot;0&quot;,&quot;title&quot;:&quot;&quot;,&quot;orientation&quot;:&quot;0&quot;}\" data-image-title=\"CMS-8\" data-image-description=\"\" data-image-caption=\"\" data-large-file=\"https:\/\/i0.wp.com\/ccicubacanada.org\/wp-content\/uploads\/2023\/10\/CMS-8.png?fit=387%2C103&amp;quality=80&amp;ssl=1\" src=\"https:\/\/i0.wp.com\/ccicubacanada.org\/wp-content\/uploads\/2023\/10\/CMS-8.png?resize=387%2C103&#038;quality=80&#038;ssl=1\" alt=\"\" class=\"wp-image-7876\" srcset=\"https:\/\/i0.wp.com\/ccicubacanada.org\/wp-content\/uploads\/2023\/10\/CMS-8.png?w=387&amp;quality=80&amp;ssl=1 387w, https:\/\/i0.wp.com\/ccicubacanada.org\/wp-content\/uploads\/2023\/10\/CMS-8.png?resize=300%2C80&amp;quality=80&amp;ssl=1 300w, https:\/\/i0.wp.com\/ccicubacanada.org\/wp-content\/uploads\/2023\/10\/CMS-8.png?resize=350%2C93&amp;quality=80&amp;ssl=1 350w, https:\/\/i0.wp.com\/ccicubacanada.org\/wp-content\/uploads\/2023\/10\/CMS-8.png?resize=260%2C69&amp;quality=80&amp;ssl=1 260w\" sizes=\"auto, (max-width: 387px) 100vw, 387px\" \/><\/figure>\n<\/div>\n<\/div>\n\n\n\n<p>Atentamente,<br>Ms.C. H\u00e9ctor Vera Cuesta<br>Presidente del Comit\u00e9 Organizador<br>CIRN-2024<\/p>\n","protected":false},"excerpt":{"rendered":"<p>El Centro Internacional de Restauraci\u00f3n Neurol\u00f3gica y la Comercializadora de Servicios M\u00e9dicos Cubanos, S.A. se placen en invitarle a participar en la V Conferencia Internacional Restauraci\u00f3n Neurol\u00f3gica 2024 (CIRN-2024), que tendr\u00e1 lugar del 21 al 23 de febrero del venidero a\u00f1o en La Habana, Cuba, con motivo de la celebraci\u00f3n del aniversario 35 del CIREN. [&hellip;]<\/p>\n","protected":false},"author":1,"featured_media":7880,"comment_status":"closed","ping_status":"closed","sticky":false,"template":"","format":"standard","meta":{"_themeisle_gutenberg_block_has_review":false,"_jetpack_memberships_contains_paid_content":false,"footnotes":""},"categories":[370],"tags":[],"class_list":["post-7855","post","type-post","status-publish","format-standard","has-post-thumbnail","hentry","category-sin-categorizar"],"jetpack_featured_media_url":"https:\/\/i0.wp.com\/ccicubacanada.org\/wp-content\/uploads\/2023\/10\/conferencia-ES-1.png?fit=1024%2C480&quality=80&ssl=1","jetpack-related-posts":[{"id":7843,"url":"https:\/\/ccicubacanada.org\/2024-02-21-v-conferencia-internacional-restauracion-neurologica\/","url_meta":{"origin":7855,"position":0},"title":"2024-02-21 V Conferencia Internacional Restauraci\u00f3n Neurol\u00f3gica","author":"Cyril Arnaud","date":"octubre 12, 2023","format":false,"excerpt":"El Centro Internacional de Restauraci\u00f3n Neurol\u00f3gica y la Comercializadora deServicios M\u00e9dicos Cubanos, S.A. se placen en invitarle a participar en la VConferencia Internacional Restauraci\u00f3n Neurol\u00f3gica 2024 (CIRN-2024), que tendr\u00e1lugar del 21 al 23 de febrero del venidero a\u00f1o en La Habana, Cuba, con motivo de lacelebraci\u00f3n del aniversario 35 del\u2026","rel":"","context":"En \u00abNon classifi\u00e9(e)\u00bb","block_context":{"text":"Non classifi\u00e9(e)","link":"https:\/\/ccicubacanada.org\/category\/non-classifiee\/"},"img":{"alt_text":"","src":"https:\/\/i0.wp.com\/ccicubacanada.org\/wp-content\/uploads\/2023\/10\/ciren-6.png?resize=350%2C200&quality=80&ssl=1","width":350,"height":200},"classes":[]},{"id":5202,"url":"https:\/\/ccicubacanada.org\/es\/la-ministra-del-citma-asiste-a-la-25a-conferencia-de-montreal\/","url_meta":{"origin":7855,"position":1},"title":"La Ministra del CITMA asiste a la 25\u00aa Conferencia de Montreal","author":"Yilien Paneque","date":"septiembre 20, 2019","format":false,"excerpt":"La Ministra de Ciencia, Tecnolog\u00eda y Medio Ambiente (CITMA), Elba Rosa P\u00e9rez Montoya, represent\u00f3 a Cuba en la 25a edici\u00f3n de la Conferencia de Montreal que tuvo lugar del 10 al 13 de junio de 2019. La Conferencia de Montreal es un evento organizado anualmente desde 1995 por el Foro\u2026","rel":"","context":"En \u00abUncategorized\u00bb","block_context":{"text":"Uncategorized","link":"https:\/\/ccicubacanada.org\/es\/category\/uncategorized-es\/"},"img":{"alt_text":"","src":"https:\/\/i0.wp.com\/ccicubacanada.org\/wp-content\/uploads\/2019\/09\/Ministre.jpg?fit=900%2C675&quality=89&ssl=1&resize=350%2C200","width":350,"height":200,"srcset":"https:\/\/i0.wp.com\/ccicubacanada.org\/wp-content\/uploads\/2019\/09\/Ministre.jpg?fit=900%2C675&quality=89&ssl=1&resize=350%2C200 1x, https:\/\/i0.wp.com\/ccicubacanada.org\/wp-content\/uploads\/2019\/09\/Ministre.jpg?fit=900%2C675&quality=89&ssl=1&resize=525%2C300 1.5x, https:\/\/i0.wp.com\/ccicubacanada.org\/wp-content\/uploads\/2019\/09\/Ministre.jpg?fit=900%2C675&quality=89&ssl=1&resize=700%2C400 2x"},"classes":[]},{"id":6870,"url":"https:\/\/ccicubacanada.org\/es\/covid-19-apertura-de-las-fronteras-cubanas\/","url_meta":{"origin":7855,"position":2},"title":"Covid-19 &#8211; Apertura de las fronteras Cubanas","author":"Cyril Arnaud","date":"noviembre 12, 2021","format":false,"excerpt":"A partir del 7 de noviembre est\u00e1 previsto la apertura de las fronteras del pa\u00eds y se elimina la cuarentena obligatoria de los viajeros internacionales al arribo al pa\u00eds. Para el d\u00eda 15 de noviembre se elimina la realizaci\u00f3n del PCR de entrada en frontera y la cuarentena obligatoria que\u2026","rel":"","context":"En \u00abUncategorized\u00bb","block_context":{"text":"Uncategorized","link":"https:\/\/ccicubacanada.org\/es\/category\/uncategorized-es\/"},"img":{"alt_text":"","src":"https:\/\/i0.wp.com\/ccicubacanada.org\/wp-content\/uploads\/2021\/11\/142033210_s.jpg?fit=692%2C692&quality=89&ssl=1&resize=350%2C200","width":350,"height":200,"srcset":"https:\/\/i0.wp.com\/ccicubacanada.org\/wp-content\/uploads\/2021\/11\/142033210_s.jpg?fit=692%2C692&quality=89&ssl=1&resize=350%2C200 1x, https:\/\/i0.wp.com\/ccicubacanada.org\/wp-content\/uploads\/2021\/11\/142033210_s.jpg?fit=692%2C692&quality=89&ssl=1&resize=525%2C300 1.5x"},"classes":[]},{"id":3212,"url":"https:\/\/ccicubacanada.org\/kosa-cuba-y-la-fiesta-del-tambor\/","url_meta":{"origin":7855,"position":3},"title":"KoSA Cuba y la \u201cFiesta del Tambor\u201d","author":"Yilien Paneque","date":"mayo 31, 2018","format":false,"excerpt":"Los directores de KoSA Music - Aldo Mazza y su esposa - Dr. Jol\u00e1n Kov\u00e1cs - han regresado de La Habana, Cuba emocionados despu\u00e9s de celebrar su 17 edici\u00f3n anual de su festival y campamento de tambores y percusiones: KoSA Cuba. Este campamento y festival de percusi\u00f3n y tambores de\u2026","rel":"","context":"En \u00abUncategorized\u00bb","block_context":{"text":"Uncategorized","link":"https:\/\/ccicubacanada.org\/es\/category\/uncategorized-es\/"},"img":{"alt_text":"","src":"https:\/\/i0.wp.com\/ccicubacanada.org\/wp-content\/uploads\/2018\/05\/IMG_8115.jpg?fit=650%2C488&quality=89&ssl=1&resize=350%2C200","width":350,"height":200,"srcset":"https:\/\/i0.wp.com\/ccicubacanada.org\/wp-content\/uploads\/2018\/05\/IMG_8115.jpg?fit=650%2C488&quality=89&ssl=1&resize=350%2C200 1x, https:\/\/i0.wp.com\/ccicubacanada.org\/wp-content\/uploads\/2018\/05\/IMG_8115.jpg?fit=650%2C488&quality=89&ssl=1&resize=525%2C300 1.5x"},"classes":[]},{"id":5458,"url":"https:\/\/ccicubacanada.org\/es\/cuba-frente-a-la-covid-19\/","url_meta":{"origin":7855,"position":4},"title":"Cuba frente a la COVID-19","author":"Cyril Arnaud","date":"abril 14, 2020","format":false,"excerpt":"Cuba tambi\u00e9n se enfrenta a la pandemia de COVID-19. Con un n\u00famero relativamente bajo de casos activos, Cuba est\u00e1 haciendo muchos esfuerzos para contener la enfermedad en la isla, al tiempo que trabaja en posibles tratamientos, as\u00ed como en proyectos de cooperaci\u00f3n internacional. Estas adversas circunstancias han causado una pausa\u2026","rel":"","context":"En \u00abUncategorized\u00bb","block_context":{"text":"Uncategorized","link":"https:\/\/ccicubacanada.org\/es\/category\/uncategorized-es\/"},"img":{"alt_text":"","src":"","width":0,"height":0},"classes":[]},{"id":3290,"url":"https:\/\/ccicubacanada.org\/concierto-de-blues-canadienses-en-la-casa-obrador\/","url_meta":{"origin":7855,"position":5},"title":"Concierto de Blues Canadienses en la Casa Obrador","author":"Yilien Paneque","date":"junio 5, 2018","format":false,"excerpt":"Los m\u00fasicos de blues canadienses Robert Davis y Fraser Melvin ofrecieron un concierto el 9 de mayo de 2018 en la Casa Obrador (casaobrador.com), caf\u00e9-galer\u00eda ubicado en la ciudad cubana de Santa Clara. El evento, que comenz\u00f3 a las 8:30 de la noche, cont\u00f3 con una amplia participaci\u00f3n de p\u00fablico,\u2026","rel":"","context":"En \u00abUncategorized\u00bb","block_context":{"text":"Uncategorized","link":"https:\/\/ccicubacanada.org\/es\/category\/uncategorized-es\/"},"img":{"alt_text":"","src":"https:\/\/i0.wp.com\/ccicubacanada.org\/wp-content\/uploads\/2018\/06\/Blues5-696x392.jpg?fit=650%2C366&quality=89&ssl=1&resize=350%2C200","width":350,"height":200,"srcset":"https:\/\/i0.wp.com\/ccicubacanada.org\/wp-content\/uploads\/2018\/06\/Blues5-696x392.jpg?fit=650%2C366&quality=89&ssl=1&resize=350%2C200 1x, https:\/\/i0.wp.com\/ccicubacanada.org\/wp-content\/uploads\/2018\/06\/Blues5-696x392.jpg?fit=650%2C366&quality=89&ssl=1&resize=525%2C300 1.5x"},"classes":[]}],"jetpack_sharing_enabled":true,"jetpack_shortlink":"https:\/\/wp.me\/p7fkeW-22H","_links":{"self":[{"href":"https:\/\/ccicubacanada.org\/es\/wp-json\/wp\/v2\/posts\/7855","targetHints":{"allow":["GET"]}}],"collection":[{"href":"https:\/\/ccicubacanada.org\/es\/wp-json\/wp\/v2\/posts"}],"about":[{"href":"https:\/\/ccicubacanada.org\/es\/wp-json\/wp\/v2\/types\/post"}],"author":[{"embeddable":true,"href":"https:\/\/ccicubacanada.org\/es\/wp-json\/wp\/v2\/users\/1"}],"replies":[{"embeddable":true,"href":"https:\/\/ccicubacanada.org\/es\/wp-json\/wp\/v2\/comments?post=7855"}],"version-history":[{"count":3,"href":"https:\/\/ccicubacanada.org\/es\/wp-json\/wp\/v2\/posts\/7855\/revisions"}],"predecessor-version":[{"id":7883,"href":"https:\/\/ccicubacanada.org\/es\/wp-json\/wp\/v2\/posts\/7855\/revisions\/7883"}],"wp:featuredmedia":[{"embeddable":true,"href":"https:\/\/ccicubacanada.org\/es\/wp-json\/wp\/v2\/media\/7880"}],"wp:attachment":[{"href":"https:\/\/ccicubacanada.org\/es\/wp-json\/wp\/v2\/media?parent=7855"}],"wp:term":[{"taxonomy":"category","embeddable":true,"href":"https:\/\/ccicubacanada.org\/es\/wp-json\/wp\/v2\/categories?post=7855"},{"taxonomy":"post_tag","embeddable":true,"href":"https:\/\/ccicubacanada.org\/es\/wp-json\/wp\/v2\/tags?post=7855"}],"curies":[{"name":"wp","href":"https:\/\/api.w.org\/{rel}","templated":true}]}}